{"id":9221,"date":"2024-10-16T01:54:35","date_gmt":"2024-10-15T23:54:35","guid":{"rendered":"https:\/\/ccargbenelux.com\/?p=9221"},"modified":"2024-10-28T09:03:45","modified_gmt":"2024-10-28T08:03:45","slug":"after-work-de-promocion-de-la-argentina","status":"publish","type":"post","link":"https:\/\/ccargbenelux.com\/es\/after-work-de-promocion-de-la-argentina\/","title":{"rendered":"After-work de promoci\u00f3n de la Argentina"},"content":{"rendered":"<p>[vc_row][vc_column width=\u00bb2\/3&#8243;][vc_column_text]<\/p>\n<div id=\"lipsum\">\n<p><span class=\"TextRun SCXW120969516 BCX0\" lang=\"ES-ES\" xml:lang=\"ES-ES\" data-contrast=\"auto\"><span class=\"NormalTextRun SCXW120969516 BCX0\">La C\u00e1mara de Comercio Argentina en Benelux estuvo presente como coorganizador del evento que promovi\u00f3 las zonas tur\u00edsticas y productivas de Argentina, as\u00ed como las nuevas frecuencias de ITA Airways entre Europa y Argentina, en colaboraci\u00f3n con Aerol\u00edneas Argentinas.<\/span><\/span><span class=\"EOP SCXW120969516 BCX0\" data-ccp-props=\"{}\">\u00a0<\/span><\/p>\n<p><span data-contrast=\"auto\">La <\/span><b><span data-contrast=\"auto\">C\u00e1mara de Comercio Argentina en Benelux <\/span><\/b><span data-contrast=\"auto\">organiz\u00f3 el <\/span><b><span data-contrast=\"auto\">evento de promoci\u00f3n dedicado a destacar las zonas tur\u00edsticas y productivas de Argentina, as\u00ed como las nuevas rutas y servicios de ITA Airways<\/span><\/b><span data-contrast=\"auto\">. La aerol\u00ednea italiana, en su af\u00e1n por mejorar la conectividad entre Europa y Argentina, present\u00f3 sus novedades, incluyendo nuevas frecuencias de vuelo y modernas aeronaves.<\/span><span data-ccp-props=\"{}\">\u00a0<\/span><\/p>\n<p><span data-contrast=\"auto\">\u00a0<\/span><b><span data-contrast=\"auto\">ITA Airways<\/span><\/b><span data-contrast=\"auto\"> anunci\u00f3 que, a partir de junio de 2024, <\/span><b><span data-contrast=\"auto\">aumentar\u00e1 sus vuelos entre Europa a Argentina, punta a punta desde B\u00e9lgica a cualquier destino de cabotaje al interior del pa\u00eds<\/span><\/b><span data-contrast=\"auto\">, alcanzando un total de <\/span><b><span data-contrast=\"auto\">nueve frecuencias semanales<\/span><\/b><span data-contrast=\"auto\">. Este incremento responde a la creciente demanda de viajeros entre ambos pa\u00edses y reafirma la importancia de Argentina como un destino clave para turistas y empresarios europeos.<\/span><span data-ccp-props=\"{}\">\u00a0<\/span><\/p>\n<p><span data-contrast=\"auto\">Uno de los puntos m\u00e1s relevantes de la presentaci\u00f3n fue la <\/span><b><span data-contrast=\"auto\">consolidaci\u00f3n de la alianza estrat\u00e9gica entre ITA Airways y Aerol\u00edneas Argentinas<\/span><\/b><span data-contrast=\"auto\">. Gracias a este acuerdo de c\u00f3digo compartido, los pasajeros que partan desde Europa, incluyendo B\u00e9lgica, podr\u00e1n adquirir un \u00fanico billete que les permitir\u00e1 <\/span><b><span data-contrast=\"auto\">volar desde Bruselas a Buenos Aires y, desde all\u00ed, conectar f\u00e1cilmente con m\u00e1s de 30 destinos nacionales en Argentina, como Iguaz\u00fa, Bariloche, C\u00f3rdoba y Ushuaia<\/span><\/b><span data-contrast=\"auto\">. Adem\u00e1s, los viajeros disfrutar\u00e1n de un servicio sin interrupciones, con la facturaci\u00f3n conjunta de pasajeros y equipaje desde el punto de origen hasta el destino final.<\/span><span data-ccp-props=\"{}\">\u00a0<\/span><\/p>\n<p><span data-contrast=\"auto\">Durante el evento se resalt\u00f3 el impacto positivo que este aumento en la conectividad tendr\u00e1 tanto en el turismo como en las relaciones comerciales entre Argentina y Europa. <\/span><b><span data-contrast=\"auto\">La C\u00e1mara de Comercio Argentina en Benelux destac\u00f3 la relevancia de estas iniciativas para seguir impulsando la visibilidad de Argentina<\/span><\/b><span data-contrast=\"auto\">, no solo como un <\/span><b><span data-contrast=\"auto\">destino tur\u00edstico atractivo<\/span><\/b><span data-contrast=\"auto\">, sino tambi\u00e9n como <\/span><b><span data-contrast=\"auto\">un pa\u00eds con grandes oportunidades productivas y de inversi\u00f3n<\/span><\/b><span data-contrast=\"auto\">.<\/span><span data-ccp-props=\"{}\">\u00a0<\/span><\/p>\n<p><span data-contrast=\"auto\">Adem\u00e1s de las rutas entre Roma y Buenos Aires,<\/span><b><span data-contrast=\"auto\"> ITA Airways tambi\u00e9n ofrece vuelos directos a otras ciudades importantes de Sudam\u00e9rica, como S\u00e3o Paulo, R\u00edo de Janeiro y Lima<\/span><\/b><span data-contrast=\"auto\">. Esta red ampliada de destinos responde a la creciente demanda de pasajeros que buscan conexiones m\u00e1s r\u00e1pidas y eficientes entre Europa y la regi\u00f3n.<\/span><span data-ccp-props=\"{}\">\u00a0<\/span><\/p>\n<p><b><span data-contrast=\"auto\">La participaci\u00f3n de la C\u00e1mara de Comercio Argentina en Benelux en este evento subraya su compromiso en promover las oportunidades de negocio y turismo en Argentina<\/span><\/b><span data-contrast=\"auto\">. La presentaci\u00f3n de ITA Airways, junto con Aerol\u00edneas Argentinas, refuerza la conectividad entre ambos continentes, beneficiando a empresarios y viajeros por igual, y facilitando el acceso a destinos clave en Argentina desde Europa, especialmente desde B\u00e9lgica.<\/span><span data-ccp-props=\"{}\">\u00a0<\/span><\/p>\n<p><span data-ccp-props=\"{}\">\u00a0<\/span><span data-contrast=\"auto\">M\u00e1s informaci\u00f3n: <\/span><a href=\"https:\/\/revistatravelmanager.com\/ita-airways-volara-nueve-veces-a-la-semana-a-buenos-aires\/\"><b><span data-contrast=\"none\">Travel Manager<\/span><\/b><\/a><span data-contrast=\"auto\"> y <\/span><a href=\"https:\/\/aviacionline.com\/2024\/02\/aerolineas-argentinas-expande-su-acuerdo-de-codigo-compartido-con-ita-airways\/\"><b><span data-contrast=\"none\">Aviacionline<\/span><\/b><\/a><span data-contrast=\"auto\">.<\/span><span data-ccp-props=\"{}\">\u00a0<\/span><\/p>\n<\/div>\n<p>[\/vc_column_text][\/vc_column][vc_column width=\u00bb1\/3&#8243;][vc_single_image image=\u00bb9213&#8243; img_size=\u00bbfull\u00bb][vc_gallery type=\u00bbflexslider_slide\u00bb interval=\u00bb3&#8243; images=\u00bb9209,9212,9210,9211&#8243; img_size=\u00bbmedium\u00bb][\/vc_column][\/vc_row][vc_row tlg_background_style=\u00bbbg-dark\u00bb][vc_column]<div class=\"headings-title \"><div class=\"display-table mb72 mb-xs-40 text-left\"><div class=\"display-cell\" style=\"width:5%;\"><i style=\"color:#fcbf49!important;\" class=\"fa fa-newspaper-o mr-15 ms-text\"><\/i><\/div><div class=\"display-cell\"><div style=\"color:#fcbf49!important;\" class=\"widgetsubtitle\">More<\/div><h5 style=\"color:#ffffff!important;\" class=\"widgettitle mb0\">News<\/h5><\/div><\/div><\/div>[vc_basic_grid post_type=\u00bbpost\u00bb max_items=\u00bb-1&#8243; style=\u00bbpagination\u00bb items_per_page=\u00bb3&#8243; gap=\u00bb10&#8243; paging_design=\u00bbsquare_dots\u00bb paging_color=\u00bbwhite\u00bb item=\u00bb8247&#8243; grid_id=\u00bbvc_gid:1729244515553-9a0553ac-35ff-5&#8243; taxonomies=\u00bb202&#8243; exclude=\u00bb9221&#8243;][\/vc_column][\/vc_row]<\/p>\n","protected":false},"excerpt":{"rendered":"<p>[vc_row][vc_column width=\u00bb2\/3&#8243;][vc_column_text] La C\u00e1mara de Comercio Argentina en Benelux estuvo presente como coorganizador del evento que&#8230;<\/p>\n","protected":false},"author":1,"featured_media":9238,"comment_status":"closed","ping_status":"closed","sticky":false,"template":"","format":"standard","meta":{"footnotes":""},"categories":[209,212,210,169],"tags":[],"class_list":["post-9221","post","type-post","status-publish","format-standard","has-post-thumbnail","hentry","category-acuerdo-de-cooperacion","category-eventos","category-noticias","category-sin-categorizar"],"_links":{"self":[{"href":"https:\/\/ccargbenelux.com\/es\/wp-json\/wp\/v2\/posts\/9221","targetHints":{"allow":["GET"]}}],"collection":[{"href":"https:\/\/ccargbenelux.com\/es\/wp-json\/wp\/v2\/posts"}],"about":[{"href":"https:\/\/ccargbenelux.com\/es\/wp-json\/wp\/v2\/types\/post"}],"author":[{"embeddable":true,"href":"https:\/\/ccargbenelux.com\/es\/wp-json\/wp\/v2\/users\/1"}],"replies":[{"embeddable":true,"href":"https:\/\/ccargbenelux.com\/es\/wp-json\/wp\/v2\/comments?post=9221"}],"version-history":[{"count":5,"href":"https:\/\/ccargbenelux.com\/es\/wp-json\/wp\/v2\/posts\/9221\/revisions"}],"predecessor-version":[{"id":9236,"href":"https:\/\/ccargbenelux.com\/es\/wp-json\/wp\/v2\/posts\/9221\/revisions\/9236"}],"wp:featuredmedia":[{"embeddable":true,"href":"https:\/\/ccargbenelux.com\/es\/wp-json\/wp\/v2\/media\/9238"}],"wp:attachment":[{"href":"https:\/\/ccargbenelux.com\/es\/wp-json\/wp\/v2\/media?parent=9221"}],"wp:term":[{"taxonomy":"category","embeddable":true,"href":"https:\/\/ccargbenelux.com\/es\/wp-json\/wp\/v2\/categories?post=9221"},{"taxonomy":"post_tag","embeddable":true,"href":"https:\/\/ccargbenelux.com\/es\/wp-json\/wp\/v2\/tags?post=9221"}],"curies":[{"name":"wp","href":"https:\/\/api.w.org\/{rel}","templated":true}]}}