{"id":9066,"date":"2022-06-22T19:09:17","date_gmt":"2022-06-22T17:09:17","guid":{"rendered":"https:\/\/ccargbenelux.com\/feria-de-exportacion-bruselas-belgica-2022\/"},"modified":"2023-07-26T15:04:09","modified_gmt":"2023-07-26T13:04:09","slug":"feria-de-exportacion-bruselas-belgica-2022","status":"publish","type":"post","link":"https:\/\/ccargbenelux.com\/es\/feria-de-exportacion-bruselas-belgica-2022\/","title":{"rendered":"Feria de Exportaci\u00f3n Bruselas B\u00e9lgica 2022"},"content":{"rendered":"<p>[vc_row][vc_column width=\u00bb2\/3&#8243;][vc_column_text]<\/p>\n<p style=\"font-weight: 400;\">Estuvo presente la C\u00e1mara Argentina de Comercio en BeNeLux.<\/p>\n<p style=\"font-weight: 400;\">Durante el evento, se realizaron reuniones con representantes de la C\u00e1mara de Comercio de Brasil, la Oficina de Comercio Exterior de la Embajada del Reino de B\u00e9lgica, Funcionarios de Aduanas y representantes de la Uni\u00f3n Europea y la C\u00e1mara de Comercio del Mercosur.<\/p>\n<p>[\/vc_column_text][\/vc_column][vc_column width=\u00bb1\/3&#8243;][vc_gallery interval=\u00bb3&#8243; images=\u00bb8545&#8243; img_size=\u00bbmedium\u00bb][\/vc_column][\/vc_row][vc_row tlg_background_style=\u00bbbg-dark\u00bb][vc_column]<div class=\"headings-title \"><div class=\"display-table mb72 mb-xs-40 text-left\"><div class=\"display-cell\" style=\"width:5%;\"><i style=\"color:#fcbf49!important;\" class=\"fa fa-newspaper-o mr-15 ms-text\"><\/i><\/div><div class=\"display-cell\"><div style=\"color:#fcbf49!important;\" class=\"widgetsubtitle\">More<\/div><h5 style=\"color:#ffffff!important;\" class=\"widgettitle mb0\">Noticias<\/h5><\/div><\/div><\/div>[vc_basic_grid post_type=\u00bbpost\u00bb max_items=\u00bb-1&#8243; style=\u00bbpagination\u00bb items_per_page=\u00bb3&#8243; gap=\u00bb10&#8243; paging_design=\u00bbsquare_dots\u00bb paging_color=\u00bbwhite\u00bb loop=\u00bbyes\u00bb autoplay=\u00bb3&#8243; item=\u00bb8247&#8243; grid_id=\u00bbvc_gid:1690376623643-a7d97fbe-8911-5&#8243; taxonomies=\u00bb202&#8243; exclude=\u00bb9066&#8243;][\/vc_column][\/vc_row]<\/p>\n","protected":false},"excerpt":{"rendered":"<p>[vc_row][vc_column width=\u00bb2\/3&#8243;][vc_column_text] Estuvo presente la C\u00e1mara Argentina de Comercio en BeNeLux. Durante el evento, se realizaron&#8230;<\/p>\n","protected":false},"author":1,"featured_media":8540,"comment_status":"closed","ping_status":"closed","sticky":false,"template":"","format":"standard","meta":{"footnotes":""},"categories":[212,210],"tags":[],"class_list":["post-9066","post","type-post","status-publish","format-standard","has-post-thumbnail","hentry","category-eventos","category-noticias"],"_links":{"self":[{"href":"https:\/\/ccargbenelux.com\/es\/wp-json\/wp\/v2\/posts\/9066","targetHints":{"allow":["GET"]}}],"collection":[{"href":"https:\/\/ccargbenelux.com\/es\/wp-json\/wp\/v2\/posts"}],"about":[{"href":"https:\/\/ccargbenelux.com\/es\/wp-json\/wp\/v2\/types\/post"}],"author":[{"embeddable":true,"href":"https:\/\/ccargbenelux.com\/es\/wp-json\/wp\/v2\/users\/1"}],"replies":[{"embeddable":true,"href":"https:\/\/ccargbenelux.com\/es\/wp-json\/wp\/v2\/comments?post=9066"}],"version-history":[{"count":2,"href":"https:\/\/ccargbenelux.com\/es\/wp-json\/wp\/v2\/posts\/9066\/revisions"}],"predecessor-version":[{"id":9069,"href":"https:\/\/ccargbenelux.com\/es\/wp-json\/wp\/v2\/posts\/9066\/revisions\/9069"}],"wp:featuredmedia":[{"embeddable":true,"href":"https:\/\/ccargbenelux.com\/es\/wp-json\/wp\/v2\/media\/8540"}],"wp:attachment":[{"href":"https:\/\/ccargbenelux.com\/es\/wp-json\/wp\/v2\/media?parent=9066"}],"wp:term":[{"taxonomy":"category","embeddable":true,"href":"https:\/\/ccargbenelux.com\/es\/wp-json\/wp\/v2\/categories?post=9066"},{"taxonomy":"post_tag","embeddable":true,"href":"https:\/\/ccargbenelux.com\/es\/wp-json\/wp\/v2\/tags?post=9066"}],"curies":[{"name":"wp","href":"https:\/\/api.w.org\/{rel}","templated":true}]}}