{"id":9061,"date":"2022-06-06T09:44:55","date_gmt":"2022-06-06T07:44:55","guid":{"rendered":"https:\/\/ccargbenelux.com\/encuentro-con-el-embajador-argentino\/"},"modified":"2023-07-26T14:57:42","modified_gmt":"2023-07-26T12:57:42","slug":"encuentro-con-el-embajador-argentino","status":"publish","type":"post","link":"https:\/\/ccargbenelux.com\/es\/encuentro-con-el-embajador-argentino\/","title":{"rendered":"Encuentro con el Embajador argentino"},"content":{"rendered":"<p>[vc_row][vc_column width=\u00bb2\/3&#8243;][vc_column_text]<\/p>\n<div id=\"lipsum\">\n<p style=\"font-weight: 400;\">Gracias Embajadores Juan Carlos VALLE RALEIGH y Pablo GRINSPUN.<\/p>\n<p style=\"font-weight: 400;\">Reuni\u00f3n celebrada en la Embajada Argentina en Bruselas con el Embajador de Argentina ante el Reino de B\u00e9lgica y Luxemburgo, Juan Carlos VALLE RALEIGH y el Embajador de Argentina ante la Uni\u00f3n Europea, Pablo GRINSPUN.<\/p>\n<p style=\"font-weight: 400;\">Durante el encuentro se trataron varios temas, como la coordinaci\u00f3n para la construcci\u00f3n de puentes comerciales entre ambos pa\u00edses, as\u00ed como proyectos conjuntos para fortalecer y apoyar a los empresarios y empresas argentinas en el Benelux.<\/p>\n<\/div>\n<p>[\/vc_column_text][\/vc_column][vc_column width=\u00bb1\/3&#8243;][vc_gallery interval=\u00bb3&#8243; images=\u00bb8555&#8243; img_size=\u00bbmedium\u00bb][\/vc_column][\/vc_row][vc_row tlg_background_style=\u00bbbg-dark\u00bb][vc_column]<div class=\"headings-title \"><div class=\"display-table mb40 mb-xs-40 text-left\"><div class=\"display-cell\" style=\"width:5%;\"><i style=\"color:#fcbf49!important;\" class=\"fa fa-newspaper-o mr-15 ms-text\"><\/i><\/div><div class=\"display-cell\"><div style=\"color:#fcbf49!important;\" class=\"widgetsubtitle\">More<\/div><h5 style=\"color:#ffffff!important;\" class=\"widgettitle mb0\">Noticias<\/h5><\/div><\/div><\/div>[vc_basic_grid post_type=\u00bbpost\u00bb max_items=\u00bb-1&#8243; style=\u00bbpagination\u00bb items_per_page=\u00bb3&#8243; gap=\u00bb10&#8243; paging_design=\u00bbsquare_dots\u00bb paging_color=\u00bbwhite\u00bb loop=\u00bbyes\u00bb autoplay=\u00bb3&#8243; item=\u00bb8247&#8243; grid_id=\u00bbvc_gid:1690376115213-1fc97202-61b1-7&#8243; taxonomies=\u00bb202&#8243; exclude=\u00bb9061&#8243;][\/vc_column][\/vc_row]<\/p>\n","protected":false},"excerpt":{"rendered":"<p>[vc_row][vc_column width=\u00bb2\/3&#8243;][vc_column_text] Gracias Embajadores Juan Carlos VALLE RALEIGH y Pablo GRINSPUN. Reuni\u00f3n celebrada en la Embajada&#8230;<\/p>\n","protected":false},"author":1,"featured_media":8551,"comment_status":"closed","ping_status":"closed","sticky":false,"template":"","format":"standard","meta":{"footnotes":""},"categories":[209,210],"tags":[],"class_list":["post-9061","post","type-post","status-publish","format-standard","has-post-thumbnail","hentry","category-acuerdo-de-cooperacion","category-noticias"],"_links":{"self":[{"href":"https:\/\/ccargbenelux.com\/es\/wp-json\/wp\/v2\/posts\/9061","targetHints":{"allow":["GET"]}}],"collection":[{"href":"https:\/\/ccargbenelux.com\/es\/wp-json\/wp\/v2\/posts"}],"about":[{"href":"https:\/\/ccargbenelux.com\/es\/wp-json\/wp\/v2\/types\/post"}],"author":[{"embeddable":true,"href":"https:\/\/ccargbenelux.com\/es\/wp-json\/wp\/v2\/users\/1"}],"replies":[{"embeddable":true,"href":"https:\/\/ccargbenelux.com\/es\/wp-json\/wp\/v2\/comments?post=9061"}],"version-history":[{"count":3,"href":"https:\/\/ccargbenelux.com\/es\/wp-json\/wp\/v2\/posts\/9061\/revisions"}],"predecessor-version":[{"id":9065,"href":"https:\/\/ccargbenelux.com\/es\/wp-json\/wp\/v2\/posts\/9061\/revisions\/9065"}],"wp:featuredmedia":[{"embeddable":true,"href":"https:\/\/ccargbenelux.com\/es\/wp-json\/wp\/v2\/media\/8551"}],"wp:attachment":[{"href":"https:\/\/ccargbenelux.com\/es\/wp-json\/wp\/v2\/media?parent=9061"}],"wp:term":[{"taxonomy":"category","embeddable":true,"href":"https:\/\/ccargbenelux.com\/es\/wp-json\/wp\/v2\/categories?post=9061"},{"taxonomy":"post_tag","embeddable":true,"href":"https:\/\/ccargbenelux.com\/es\/wp-json\/wp\/v2\/tags?post=9061"}],"curies":[{"name":"wp","href":"https:\/\/api.w.org\/{rel}","templated":true}]}}