{"id":9028,"date":"2023-01-25T13:44:50","date_gmt":"2023-01-25T12:44:50","guid":{"rendered":"https:\/\/ccargbenelux.com\/reunion-virtual-con-la-fundacion-eforo\/"},"modified":"2023-07-10T01:25:43","modified_gmt":"2023-07-09T23:25:43","slug":"reunion-virtual-con-la-fundacion-eforo","status":"publish","type":"post","link":"https:\/\/ccargbenelux.com\/es\/reunion-virtual-con-la-fundacion-eforo\/","title":{"rendered":"Reuni\u00f3n virtual con la Fundaci\u00f3n Eforo"},"content":{"rendered":"<p>[vc_row][vc_column][vc_column_text]<\/p>\n<div id=\"lipsum\">\n<p style=\"font-weight: 400;\">Se establecieron las bases para un convenio de colaboraci\u00f3n en diferentes capacitaciones a nivel de acciones p\u00fablicas de control de las personas en sus derechos y obligaciones. La sede mundial de World Skills est\u00e1 en Holanda, por lo que trabajaremos juntos para colaborar en la participaci\u00f3n de Argentina en el pr\u00f3ximo concurso mundial de habilidades.<\/p>\n<p style=\"font-weight: 400;\">Links: <a href=\"https:\/\/www.eforo.org.ar\/\" data-saferedirecturl=\"https:\/\/www.google.com\/url?q=https:\/\/www.eforo.org.ar\/&amp;source=gmail&amp;ust=1683757069782000&amp;usg=AOvVaw2tHGHzp35Qsh2K6ayn5p3W\">https:\/\/www.eforo.org.ar\/<\/a> &#8212;&#8211; <a href=\"https:\/\/worldskills.org\/members\/argentina\/\" data-saferedirecturl=\"https:\/\/www.google.com\/url?q=https:\/\/worldskills.org\/members\/argentina\/&amp;source=gmail&amp;ust=1683757069782000&amp;usg=AOvVaw2szUYWYbxW4VeTU2zr8_AA\">https:\/\/worldskills.org\/members\/argentina\/<\/a><\/p>\n<\/div>\n<p>[\/vc_column_text][\/vc_column][\/vc_row][vc_row tlg_background_style=\u00bbbg-dark\u00bb][vc_column]<div class=\"headings-title \"><div class=\"display-table mb72 mb-xs-40 text-left\"><div class=\"display-cell\" style=\"width:5%;\"><i style=\"color:#fcbf49!important;\" class=\"fa fa-newspaper-o mr-15 ms-text\"><\/i><\/div><div class=\"display-cell\"><div style=\"color:#fcbf49!important;\" class=\"widgetsubtitle\">M\u00e1s<\/div><h5 style=\"color:#ffffff!important;\" class=\"widgettitle mb0\">Noticias<\/h5><\/div><\/div><\/div>[vc_basic_grid post_type=\u00bbpost\u00bb max_items=\u00bb-1&#8243; style=\u00bbpagination\u00bb items_per_page=\u00bb3&#8243; gap=\u00bb10&#8243; paging_design=\u00bbsquare_dots\u00bb paging_color=\u00bbwhite\u00bb loop=\u00bbyes\u00bb autoplay=\u00bb3&#8243; item=\u00bb8247&#8243; grid_id=\u00bbvc_gid:1688945081165-ea3d7b3f-2718-10&#8243; taxonomies=\u00bb202&#8243; exclude=\u00bb9028&#8243;][\/vc_column][\/vc_row]<\/p>\n","protected":false},"excerpt":{"rendered":"<p>[vc_row][vc_column][vc_column_text] Se establecieron las bases para un convenio de colaboraci\u00f3n en diferentes capacitaciones a nivel de&#8230;<\/p>\n","protected":false},"author":1,"featured_media":8520,"comment_status":"closed","ping_status":"closed","sticky":false,"template":"","format":"standard","meta":{"footnotes":""},"categories":[212,210],"tags":[],"class_list":["post-9028","post","type-post","status-publish","format-standard","has-post-thumbnail","hentry","category-eventos","category-noticias"],"_links":{"self":[{"href":"https:\/\/ccargbenelux.com\/es\/wp-json\/wp\/v2\/posts\/9028","targetHints":{"allow":["GET"]}}],"collection":[{"href":"https:\/\/ccargbenelux.com\/es\/wp-json\/wp\/v2\/posts"}],"about":[{"href":"https:\/\/ccargbenelux.com\/es\/wp-json\/wp\/v2\/types\/post"}],"author":[{"embeddable":true,"href":"https:\/\/ccargbenelux.com\/es\/wp-json\/wp\/v2\/users\/1"}],"replies":[{"embeddable":true,"href":"https:\/\/ccargbenelux.com\/es\/wp-json\/wp\/v2\/comments?post=9028"}],"version-history":[{"count":4,"href":"https:\/\/ccargbenelux.com\/es\/wp-json\/wp\/v2\/posts\/9028\/revisions"}],"predecessor-version":[{"id":9033,"href":"https:\/\/ccargbenelux.com\/es\/wp-json\/wp\/v2\/posts\/9028\/revisions\/9033"}],"wp:featuredmedia":[{"embeddable":true,"href":"https:\/\/ccargbenelux.com\/es\/wp-json\/wp\/v2\/media\/8520"}],"wp:attachment":[{"href":"https:\/\/ccargbenelux.com\/es\/wp-json\/wp\/v2\/media?parent=9028"}],"wp:term":[{"taxonomy":"category","embeddable":true,"href":"https:\/\/ccargbenelux.com\/es\/wp-json\/wp\/v2\/categories?post=9028"},{"taxonomy":"post_tag","embeddable":true,"href":"https:\/\/ccargbenelux.com\/es\/wp-json\/wp\/v2\/tags?post=9028"}],"curies":[{"name":"wp","href":"https:\/\/api.w.org\/{rel}","templated":true}]}}