{"id":9019,"date":"2023-02-17T02:59:05","date_gmt":"2023-02-17T01:59:05","guid":{"rendered":"https:\/\/ccargbenelux.com\/convenio-con-la-secretaria-de-industria\/"},"modified":"2023-07-10T01:53:32","modified_gmt":"2023-07-09T23:53:32","slug":"convenio-con-la-secretaria-de-industria","status":"publish","type":"post","link":"https:\/\/ccargbenelux.com\/es\/convenio-con-la-secretaria-de-industria\/","title":{"rendered":"Convenio con la Secretar\u00eda de Industria"},"content":{"rendered":"<p>[vc_row][vc_column width=\u00bb2\/3&#8243;][vc_column_text]<\/p>\n<p style=\"font-weight: 400;\">Secretar\u00eda de Industria y Desarrollo Productivo. Aportaremos nuestro granito de arena en la b\u00fasqueda de continuar desarrollando el Comercio Exterior con la regi\u00f3n del Benelux en la Uni\u00f3n Europea. Reuni\u00f3n con su Titular, Dr. Ignacio de Mendiguren y miembros de su Gabinete donde se concretaron las bases para la firma de un Acuerdo de Colaboraci\u00f3n.<\/p>\n<p>[\/vc_column_text][\/vc_column][vc_column width=\u00bb1\/3&#8243;][vc_gallery type=\u00bbflexslider_slide\u00bb interval=\u00bb3&#8243; images=\u00bb8477,8481,8485,8489&#8243; img_size=\u00bbmedium\u00bb][\/vc_column][\/vc_row][vc_row tlg_background_style=\u00bbbg-dark\u00bb][vc_column]<div class=\"headings-title \"><div class=\"display-table mb72 mb-xs-40 text-left\"><div class=\"display-cell\" style=\"width:5%;\"><i style=\"color:#fcbf49!important;\" class=\"fa fa-newspaper-o mr-15 ms-text\"><\/i><\/div><div class=\"display-cell\"><div style=\"color:#fcbf49!important;\" class=\"widgetsubtitle\">M\u00e1s<\/div><h5 style=\"color:#ffffff!important;\" class=\"widgettitle mb0\">Noticias<\/h5><\/div><\/div><\/div>[vc_basic_grid post_type=\u00bbpost\u00bb max_items=\u00bb-1&#8243; style=\u00bbpagination\u00bb items_per_page=\u00bb3&#8243; gap=\u00bb10&#8243; paging_design=\u00bbsquare_dots\u00bb paging_color=\u00bbwhite\u00bb loop=\u00bbyes\u00bb autoplay=\u00bb2&#8243; item=\u00bb8247&#8243; grid_id=\u00bbvc_gid:1688943693654-979a07e3-10ea-8&#8243; taxonomies=\u00bb202&#8243; exclude=\u00bb9019&#8243; paging_animation_in=\u00bbnone\u00bb paging_animation_out=\u00bbnone\u00bb][\/vc_column][\/vc_row]<\/p>\n","protected":false},"excerpt":{"rendered":"<p>[vc_row][vc_column width=\u00bb2\/3&#8243;][vc_column_text] Secretar\u00eda de Industria y Desarrollo Productivo. Aportaremos nuestro granito de arena en la b\u00fasqueda&#8230;<\/p>\n","protected":false},"author":1,"featured_media":8494,"comment_status":"closed","ping_status":"closed","sticky":false,"template":"","format":"standard","meta":{"footnotes":""},"categories":[209,210],"tags":[],"class_list":["post-9019","post","type-post","status-publish","format-standard","has-post-thumbnail","hentry","category-acuerdo-de-cooperacion","category-noticias"],"_links":{"self":[{"href":"https:\/\/ccargbenelux.com\/es\/wp-json\/wp\/v2\/posts\/9019","targetHints":{"allow":["GET"]}}],"collection":[{"href":"https:\/\/ccargbenelux.com\/es\/wp-json\/wp\/v2\/posts"}],"about":[{"href":"https:\/\/ccargbenelux.com\/es\/wp-json\/wp\/v2\/types\/post"}],"author":[{"embeddable":true,"href":"https:\/\/ccargbenelux.com\/es\/wp-json\/wp\/v2\/users\/1"}],"replies":[{"embeddable":true,"href":"https:\/\/ccargbenelux.com\/es\/wp-json\/wp\/v2\/comments?post=9019"}],"version-history":[{"count":3,"href":"https:\/\/ccargbenelux.com\/es\/wp-json\/wp\/v2\/posts\/9019\/revisions"}],"predecessor-version":[{"id":9024,"href":"https:\/\/ccargbenelux.com\/es\/wp-json\/wp\/v2\/posts\/9019\/revisions\/9024"}],"wp:featuredmedia":[{"embeddable":true,"href":"https:\/\/ccargbenelux.com\/es\/wp-json\/wp\/v2\/media\/8494"}],"wp:attachment":[{"href":"https:\/\/ccargbenelux.com\/es\/wp-json\/wp\/v2\/media?parent=9019"}],"wp:term":[{"taxonomy":"category","embeddable":true,"href":"https:\/\/ccargbenelux.com\/es\/wp-json\/wp\/v2\/categories?post=9019"},{"taxonomy":"post_tag","embeddable":true,"href":"https:\/\/ccargbenelux.com\/es\/wp-json\/wp\/v2\/tags?post=9019"}],"curies":[{"name":"wp","href":"https:\/\/api.w.org\/{rel}","templated":true}]}}