{"id":9007,"date":"2023-02-22T11:37:19","date_gmt":"2023-02-22T10:37:19","guid":{"rendered":"https:\/\/ccargbenelux.com\/acuerdo-con-la-fundacion-bice\/"},"modified":"2023-07-10T01:51:35","modified_gmt":"2023-07-09T23:51:35","slug":"acuerdo-con-la-fundacion-bice","status":"publish","type":"post","link":"https:\/\/ccargbenelux.com\/es\/acuerdo-con-la-fundacion-bice\/","title":{"rendered":"Acuerdo con la Fundaci\u00f3n BICE"},"content":{"rendered":"<p>[vc_row][vc_column width=\u00bb2\/3&#8243;][vc_column_text]<\/p>\n<p style=\"font-weight: 400;\">El presidente de la Fundaci\u00f3n BICE y director del banco, Carlos Brown, y el titular de la C\u00e1mara Argentina de Comercio en Benelux -B\u00e9lgica, Holanda y Luxemburgo-, Carlos Gonz\u00e1lez Bonet, avanzaron en un convenio de cooperaci\u00f3n para profundizar la asistencia a Empresas argentinas vinculadas a esa regi\u00f3n de la Uni\u00f3n Europea.<\/p>\n<p style=\"font-weight: 400;\">\u201cEste acuerdo es un primer paso fundamental para lograr una sinergia que nos permita compartir el conocimiento de nuestras regiones y transformarlo en operaciones comerciales concretas, con un impacto positivo en la econom\u00eda de nuestros pa\u00edses\u201d, dijo Brown.<\/p>\n<p style=\"font-weight: 400;\">Por su parte, Gonz\u00e1lez Bonet dijo: \u201cNuestra intenci\u00f3n es trabajar en lo que la regi\u00f3n le est\u00e1 demandando a nuestro pa\u00eds y, al mismo tiempo, en lo que la Argentina necesita de esta regi\u00f3n europea. Sabemos que hay sectores con gran potencial para el comercio, como alimentos, tecnolog\u00eda, qu\u00edmicos y maquinaria agr\u00edcola\u201d.<\/p>\n<p>[\/vc_column_text][\/vc_column][vc_column width=\u00bb1\/3&#8243;][vc_gallery type=\u00bbflexslider_slide\u00bb interval=\u00bb3&#8243; images=\u00bb8502,8506&#8243; img_size=\u00bbmedium\u00bb][\/vc_column][\/vc_row][vc_row tlg_background_style=\u00bbbg-dark\u00bb][vc_column]<div class=\"headings-title \"><div class=\"display-table mb40 mb-xs-40 text-left\"><div class=\"display-cell\" style=\"width:5%;\"><i style=\"color:#fcbf49!important;\" class=\"fa fa-newspaper-o mr-15 ms-text\"><\/i><\/div><div class=\"display-cell\"><div style=\"color:#fcbf49!important;\" class=\"widgetsubtitle\">M\u00e1s<\/div><h5 style=\"color:#ffffff!important;\" class=\"widgettitle mb0\">Noticias<\/h5><\/div><\/div><\/div>[vc_basic_grid post_type=\u00bbpost\u00bb max_items=\u00bb-1&#8243; style=\u00bbpagination\u00bb items_per_page=\u00bb3&#8243; gap=\u00bb10&#8243; paging_design=\u00bbsquare_dots\u00bb paging_color=\u00bbwhite\u00bb loop=\u00bbyes\u00bb autoplay=\u00bb3&#8243; item=\u00bb8247&#8243; grid_id=\u00bbvc_gid:1688938390181-52687202-722f-0&#8243; taxonomies=\u00bb202&#8243; exclude=\u00bb9007&#8243;][\/vc_column][\/vc_row]<\/p>\n","protected":false},"excerpt":{"rendered":"<p>[vc_row][vc_column width=\u00bb2\/3&#8243;][vc_column_text] El presidente de la Fundaci\u00f3n BICE y director del banco, Carlos Brown, y el&#8230;<\/p>\n","protected":false},"author":1,"featured_media":8498,"comment_status":"closed","ping_status":"closed","sticky":false,"template":"","format":"standard","meta":{"footnotes":""},"categories":[209,210],"tags":[],"class_list":["post-9007","post","type-post","status-publish","format-standard","has-post-thumbnail","hentry","category-acuerdo-de-cooperacion","category-noticias"],"_links":{"self":[{"href":"https:\/\/ccargbenelux.com\/es\/wp-json\/wp\/v2\/posts\/9007","targetHints":{"allow":["GET"]}}],"collection":[{"href":"https:\/\/ccargbenelux.com\/es\/wp-json\/wp\/v2\/posts"}],"about":[{"href":"https:\/\/ccargbenelux.com\/es\/wp-json\/wp\/v2\/types\/post"}],"author":[{"embeddable":true,"href":"https:\/\/ccargbenelux.com\/es\/wp-json\/wp\/v2\/users\/1"}],"replies":[{"embeddable":true,"href":"https:\/\/ccargbenelux.com\/es\/wp-json\/wp\/v2\/comments?post=9007"}],"version-history":[{"count":4,"href":"https:\/\/ccargbenelux.com\/es\/wp-json\/wp\/v2\/posts\/9007\/revisions"}],"predecessor-version":[{"id":9017,"href":"https:\/\/ccargbenelux.com\/es\/wp-json\/wp\/v2\/posts\/9007\/revisions\/9017"}],"wp:featuredmedia":[{"embeddable":true,"href":"https:\/\/ccargbenelux.com\/es\/wp-json\/wp\/v2\/media\/8498"}],"wp:attachment":[{"href":"https:\/\/ccargbenelux.com\/es\/wp-json\/wp\/v2\/media?parent=9007"}],"wp:term":[{"taxonomy":"category","embeddable":true,"href":"https:\/\/ccargbenelux.com\/es\/wp-json\/wp\/v2\/categories?post=9007"},{"taxonomy":"post_tag","embeddable":true,"href":"https:\/\/ccargbenelux.com\/es\/wp-json\/wp\/v2\/tags?post=9007"}],"curies":[{"name":"wp","href":"https:\/\/api.w.org\/{rel}","templated":true}]}}